{"id":44,"date":"2013-10-09T20:08:26","date_gmt":"2013-10-09T19:08:26","guid":{"rendered":"http:\/\/poliklinika-blazenka-nekic.hr\/hr\/?p=44"},"modified":"2013-10-09T20:08:26","modified_gmt":"2013-10-09T19:08:26","slug":"reumatoidni-artritis","status":"publish","type":"post","link":"http:\/\/poliklinika-blazenka-nekic.hr\/hr\/reumatoidni-artritis\/","title":{"rendered":"Reumatoidni artritis?"},"content":{"rendered":"<blockquote>\n<p style=\"text-align: justify;\">Pi\u0161e: <strong>Bla\u017eenka Neki\u0107<\/strong>, dr. med., spec. fizijatar, Zagreb<\/p>\n<\/blockquote>\n<p style=\"text-align: justify;\"><img loading=\"lazy\" decoding=\"async\" class=\"aligncenter size-full wp-image-46\" alt=\"reumatoidni-artritis\" src=\"http:\/\/poliklinika-blazenka-nekic.hr\/hr\/wp-content\/uploads\/2013\/10\/reumatoidni-artritis.jpg\" width=\"465\" height=\"310\" srcset=\"http:\/\/poliklinika-blazenka-nekic.hr\/hr\/wp-content\/uploads\/2013\/10\/reumatoidni-artritis.jpg 465w, http:\/\/poliklinika-blazenka-nekic.hr\/hr\/wp-content\/uploads\/2013\/10\/reumatoidni-artritis-300x200.jpg 300w, http:\/\/poliklinika-blazenka-nekic.hr\/hr\/wp-content\/uploads\/2013\/10\/reumatoidni-artritis-140x94.jpg 140w\" sizes=\"auto, (max-width: 465px) 100vw, 465px\" \/><\/p>\n<p style=\"text-align: justify;\"><strong>U posljednje tri godine imala sam dva poroda, operirala sam \u017eu\u010dni mjehur prije pet mjeseci zbog kroni\u010dne upale i tegoba koje su se javile dva mjeseca nakon drugog poroda. Imam 27 godina. Prije tri mjeseca primijetila sam otok izme\u0111u zglobova na desnoj \u0161aci, a poslije se pojavio i iznad desnog koljena i u ne\u0161to bla\u017eoj formi i na lijevoj \u0161aci. Reuma-testovi su negativni, nalaz radiologa uredan, a obavila sam i pregled kod reumatologa. Navodno je sve u redu, ali otok se ne smanjuje. Ujutro je manji nego uve\u010der. Ne boli me, ali mi smeta. Kontrolirala sam i hormone \u0161titne \u017elijezde i vadila hepatitis markere. Svi nalazi su u redu.\u00a0<\/strong><br \/>\n<strong><\/strong><\/p>\n<p style=\"text-align: justify;\"><strong>Napominjem da moja majka ima reumatoidni artritis, a javio se zajedno s klimakterijem u \u010detrdesetim godinama. Bila bih vam zahvalna za smjernice daljnjih pretraga, jer ne znam kojem specijalistu da se obratim. Ne mogu sjediti i \u010dekati \u0161to \u0107e se dogoditi. Trenuta\u010dno preventivno (ako to i\u0161ta poma\u017ee) uzimam koloidnu srebrnu vodu, omega-3 masne kiseline u kapsulama i kalcij-citrat.\u00a0<\/strong><\/p>\n<p style=\"text-align: justify;\"><strong>A. B.<\/strong><\/p>\n<p style=\"text-align: justify;\">Kako vas je pregledao reumatolog, pretpostavljam da je reumatoidni artritis isklju\u010den. Podaci su nepotpuni, pa mo\u017ee biti rije\u010d o nekoj upali u tijelu (mokra\u0107ni putovi, spolni organi i dr.), koja je zapravo &#8220;okida\u010d&#8221; za promjene na zglobovima. Ako va\u0161a majka ima reumatoidni artritis, to ne zna\u010di da ga morate imati i vi. Preporu\u010dujem da potra\u017eite mi\u0161ljenje lije\u010dnika reumatologa, fizijatra ili imunologa, koji \u0107e nakon detaljna razgovora i temeljita pregleda, a uzimaju\u0107i u obzir eventualne dosada\u0161nje bolesti i nalaze, dati svoje mi\u0161ljenje i otkloniti va\u0161e sumnje. Provodite higijensko-dijetetske mjere, tj. pazite na kvalitetu prehrane, dovoljno spavajte, ne zanemarite tjelovje\u017ebu i tjelesnu aktivnost i izbjegavajte \u0161tetne \u017eivotne navike.<\/p>\n","protected":false},"excerpt":{"rendered":"<p>Pi\u0161e: Bla\u017eenka Neki\u0107, dr. med., spec. fizijatar, Zagreb U posljednje tri godine imala sam dva poroda, operirala sam \u017eu\u010dni mjehur prije pet mjeseci zbog kroni\u010dne upale i tegoba koje su se javile dva mjeseca nakon drugog poroda. Imam 27 godina. Prije tri mjeseca primijetila sam otok izme\u0111u zglobova na desnoj \u0161aci, a poslije se pojavio [&hellip;]<\/p>\n","protected":false},"author":1,"featured_media":47,"comment_status":"closed","ping_status":"open","sticky":false,"template":"","format":"standard","meta":{"footnotes":""},"categories":[10],"tags":[23,25,24,26,22],"class_list":["post-44","post","type-post","status-publish","format-standard","has-post-thumbnail","hentry","category-pitanja-i-odgovori","tag-nasljedno","tag-operacija-zucnog-mjehura","tag-porod","tag-pregled-fizijatra","tag-reumatoidni-artritis"],"_links":{"self":[{"href":"http:\/\/poliklinika-blazenka-nekic.hr\/hr\/wp-json\/wp\/v2\/posts\/44","targetHints":{"allow":["GET"]}}],"collection":[{"href":"http:\/\/poliklinika-blazenka-nekic.hr\/hr\/wp-json\/wp\/v2\/posts"}],"about":[{"href":"http:\/\/poliklinika-blazenka-nekic.hr\/hr\/wp-json\/wp\/v2\/types\/post"}],"author":[{"embeddable":true,"href":"http:\/\/poliklinika-blazenka-nekic.hr\/hr\/wp-json\/wp\/v2\/users\/1"}],"replies":[{"embeddable":true,"href":"http:\/\/poliklinika-blazenka-nekic.hr\/hr\/wp-json\/wp\/v2\/comments?post=44"}],"version-history":[{"count":1,"href":"http:\/\/poliklinika-blazenka-nekic.hr\/hr\/wp-json\/wp\/v2\/posts\/44\/revisions"}],"predecessor-version":[{"id":48,"href":"http:\/\/poliklinika-blazenka-nekic.hr\/hr\/wp-json\/wp\/v2\/posts\/44\/revisions\/48"}],"wp:featuredmedia":[{"embeddable":true,"href":"http:\/\/poliklinika-blazenka-nekic.hr\/hr\/wp-json\/wp\/v2\/media\/47"}],"wp:attachment":[{"href":"http:\/\/poliklinika-blazenka-nekic.hr\/hr\/wp-json\/wp\/v2\/media?parent=44"}],"wp:term":[{"taxonomy":"category","embeddable":true,"href":"http:\/\/poliklinika-blazenka-nekic.hr\/hr\/wp-json\/wp\/v2\/categories?post=44"},{"taxonomy":"post_tag","embeddable":true,"href":"http:\/\/poliklinika-blazenka-nekic.hr\/hr\/wp-json\/wp\/v2\/tags?post=44"}],"curies":[{"name":"wp","href":"https:\/\/api.w.org\/{rel}","templated":true}]}}