{"id":301,"date":"2016-07-01T13:05:26","date_gmt":"2016-07-01T12:05:26","guid":{"rendered":"http:\/\/poliklinika-blazenka-nekic.hr\/hr\/?p=301"},"modified":"2016-07-01T13:42:32","modified_gmt":"2016-07-01T12:42:32","slug":"nove-tehnologije-u-fizikalnoj-i-rehabilitacijskoj-medicini","status":"publish","type":"post","link":"http:\/\/poliklinika-blazenka-nekic.hr\/hr\/nove-tehnologije-u-fizikalnoj-i-rehabilitacijskoj-medicini\/","title":{"rendered":"Nove tehnologije u fizikalnoj i rehabilitacijskoj medicini"},"content":{"rendered":"<p style=\"text-align: justify;\"><div class='et-box et-shadow'>\r\n\t\t\t\t\t<div class='et-box-content'>6. Kongres fizikalne i rehabilitacijske medicine<\/strong> odr\u017ean je u \u0161ibenskom hotelu Solaris u travnju, u organizaciji Hrvatskog dru\u0161tva za fizikalnu i rehabilitacijsku medicinu. O novim mogu\u0107nostima u fizikalnom i rehabilitacijskom lije\u010denju izvijestila nas je dugogodi\u0161nja suradnica Zdravih vijesti Bla\u017eenka Neki\u0107, dr. med., koja je bila me\u0111u izlaga\u010dima na ovom impozantom skupu.<\/div><\/div><\/p>\n<p style=\"text-align: justify;\"><img loading=\"lazy\" decoding=\"async\" class=\"aligncenter size-full wp-image-303\" src=\"http:\/\/poliklinika-blazenka-nekic.hr\/hr\/wp-content\/uploads\/2016\/07\/nove-tehnologije-banner.jpg\" alt=\"nove-tehnologije-banner\" width=\"750\" height=\"212\" srcset=\"http:\/\/poliklinika-blazenka-nekic.hr\/hr\/wp-content\/uploads\/2016\/07\/nove-tehnologije-banner.jpg 750w, http:\/\/poliklinika-blazenka-nekic.hr\/hr\/wp-content\/uploads\/2016\/07\/nove-tehnologije-banner-300x84.jpg 300w\" sizes=\"auto, (max-width: 750px) 100vw, 750px\" \/><\/p>\n<p style=\"text-align: justify;\"><strong>Priredila Mirna Ljubkovi\u0107<\/strong><\/p>\n<p style=\"text-align: justify;\">Stru\u010dna i znanstvena predavanja te izno\u0161enje vlastitih iskustava uz zanimljive teme okruglih stolova na 6. Kongresu fizikalne i rehabilitacijske medicine, koji je okupio zavidan broj doma\u0107ih i stranih stru\u010dnjaka, bile su prilika da se upoznaju nova saznanja te izmijene iskustva kako bi se pacijentima ponudili kvalitetniji i sveobuhvatniji tretmani u lije\u010denju i rehabilitaciji.<\/p>\n<p style=\"text-align: justify;\">Razvoj prirodnih znanosti i tehnologija u posljednjih nekoliko desetlje\u0107a zna\u010dajno utje\u010de na stanje moderne medicine u podru\u010dju dijagnostike, operativnih zahvata i konzervativnog lije\u010denja. U rehabilitacijskoj i fizikalnoj medicini uvode se nove tehnologije u dijagnostici, a posebice u lije\u010denju i rehabilitaciji ozljeda, bolesti, o\u0161te\u0107enja i degenerativnih promjena mi\u0161i\u0107no ko\u0161tanog sustava. Dio je to uvoda u izlaganje lije\u010dnice Bla\u017eenke Neki\u0107 \u201e<strong>Klini\u010dka iskustva i primjena novih tehnologija u lije\u010denju i rehabilitaciji mi\u0161i\u0107no-ko\u0161tanog sustava<\/strong>\u201c.<\/p>\n<p style=\"text-align: justify;\"><img loading=\"lazy\" decoding=\"async\" class=\"aligncenter size-large wp-image-308\" src=\"http:\/\/poliklinika-blazenka-nekic.hr\/hr\/wp-content\/uploads\/2016\/07\/BTL-6000_TR-Therapy_PIC_application_Frozen_shoulder-1024x682.jpg\" alt=\"BTL, BTL\" width=\"1024\" height=\"682\" srcset=\"http:\/\/poliklinika-blazenka-nekic.hr\/hr\/wp-content\/uploads\/2016\/07\/BTL-6000_TR-Therapy_PIC_application_Frozen_shoulder-1024x682.jpg 1024w, http:\/\/poliklinika-blazenka-nekic.hr\/hr\/wp-content\/uploads\/2016\/07\/BTL-6000_TR-Therapy_PIC_application_Frozen_shoulder-300x200.jpg 300w, http:\/\/poliklinika-blazenka-nekic.hr\/hr\/wp-content\/uploads\/2016\/07\/BTL-6000_TR-Therapy_PIC_application_Frozen_shoulder-140x94.jpg 140w, http:\/\/poliklinika-blazenka-nekic.hr\/hr\/wp-content\/uploads\/2016\/07\/BTL-6000_TR-Therapy_PIC_application_Frozen_shoulder.jpg 1420w\" sizes=\"auto, (max-width: 1024px) 100vw, 1024px\" \/><\/p>\n<p style=\"text-align: justify;\">Udarni val, laser visokog intenziteta, usmjerena radiofrekvencija i visokoinduktivna magnetoterapija razlikuju se od klasi\u010dnih terapijskih procedura po ve\u0107oj dubini djelovanja u tkivima, primjenjuje se velika energija uz manji broj terapijskih procedura, skra\u0107uje se trajanje lije\u010denja. No lije\u010denje visokim tehnologijama zahtijeva strogo individualni pristup, \u0161to zna\u010di uzeti detaljnu anamnezu, temeljiti klini\u010dki status, odrediti klini\u010dke postupke, postaviti dijagnozu i preskripciju medikamentne i fizikalne terapije.<\/p>\n<p style=\"text-align: justify;\">Terapije visokim tehnologijama mogu se, ovisno o slu\u010daju i potrebi, primjenjivati samostalno, ali one su komplementarne u me\u0111usobnoj primjeni, kao i u primjeni s klasi\u010dnim terapijskim postupcima u fizikalnoj terapiji. Visoke tehnologije u fizikalnoj i rehabilitacijskoj medicini imaju sna\u017ean trenutni i prolongirani terapijski u\u010dinak: analgetski, regeneriraju\u0107i i funkcijski u\u010dinak. Kako je rije\u010d o postupcima u kojima se primjenjuje visoka energija, potrebna je edukacija o primjeni kako bi se izbjegle nuspojave i \u0161tetna djelovanja.<\/p>\n<p style=\"text-align: justify;\"><a href=\"http:\/\/poliklinika-blazenka-nekic.hr\/hr\/usluge-i-postupci\/terapija-udarnim-valom-swt\/\"><strong>Udarni val<\/strong><\/a><\/p>\n<p style=\"text-align: justify;\">To je terapija kojom se posti\u017ee disolucija kalcifikata i ovapnjenja koji mogu biti u osnovi burzitisa, ali i neovaskularizacija tkiva. Terapija udarnim valom ima i analgetski u\u010dinak, \u0161to olak\u0161ava ne samo obavljanje svakodnevnih aktivnosti ve\u0107 omogu\u0107ava i neometano spavanje. Zvu\u010dni val visokog intenziteta djeluje na tkiva, a osim navedenog, stimulira i stvaranje kolagena, \u010dime se stvara okru\u017eje pogodno za zacjeljivanje i oporavak o\u0161te\u0107enih tkiva. Ubla\u017eava bol i obnavlja funkcionalnost zgloba. <strong>Rezultat je pove\u0107an opseg pokreta, uspostavljanje funkcije zgloba i nestanak bola.<\/strong><\/p>\n<p style=\"text-align: justify;\"><a href=\"http:\/\/poliklinika-blazenka-nekic.hr\/hr\/usluge-i-postupci\/terapija-laserom-visokog-intenziteta-hil-laser\/\"><strong>Laser visokog intenziteta<\/strong><\/a><\/p>\n<p style=\"text-align: justify;\">Mo\u017ee se primijeniti u akutnom stanju bolesti radi analgetskog u\u010dinka, a u nastavku terapije mo\u017ee se primijeniti kao biostimulacijski program jer laser djeluje na regeneraciju mekih tkiva zgloba. Koherentno, monokromatsko lasersko svjetlo sna\u017eno stimulira i lije\u010di bolne to\u010dke, a uz to i regenerira tkivo. U potko\u017enom \u00a0tkivu stvaraju se fotomehani\u010dki valovi koji blokiraju osjet bola i trenuta\u010dno uklanjaju bolna stanja.<\/p>\n<p style=\"text-align: center;\"><iframe loading=\"lazy\" src=\"https:\/\/www.youtube.com\/embed\/Icxx8LOOPBw\" width=\"560\" height=\"315\" frameborder=\"0\" allowfullscreen=\"allowfullscreen\"><\/iframe><\/p>\n<p style=\"text-align: justify;\"><a href=\"http:\/\/poliklinika-blazenka-nekic.hr\/hr\/targetirana-radiofrekvencijska-terapija\/\"><strong>Ciljana ili targetirana radiofrekvencija (TRT)<\/strong><\/a><\/p>\n<p style=\"text-align: justify;\">Ova nova, visoka tehnologija u podru\u010dju fizikalne i rehabilitacijske medicine primjenjuje se za lije\u010denje bolesti, ozljeda i o\u0161te\u0107enja kralje\u0161nice, zglobova, mi\u0161i\u0107a i tetiva. TRT upotrebljava izmjeni\u010dne struje visokih frekvencija pri \u010demu se stvara elektromagnetska energija, a u bolesnom dijelu tijela razvija se toplina koja smanjuje bolove i otekline, poti\u010de cijeljenje i regeneraciju tkiva te opu\u0161ta mi\u0161i\u0107e. Ovisno o primjeni i potrebama svakog pojedinog pacijenta, postoji vi\u0161e mogu\u0107nosti primjene terapije. Vi\u0161estruki su u\u010dinci ciljane ili targetirane radiofrekvencije, \u0161to je \u010dini doista revolucionarnom tehnologijom u fizikalnoj medicini i rehabilitaciji.<\/p>\n<p style=\"text-align: justify;\">U\u010dinci su sljede\u0107i:<\/p>\n<p style=\"text-align: justify;\"><strong>Analgetski<\/strong>. Bolovi se smanjuju trenutno i produ\u017eeno nakon zavr\u0161etka terapije.<br \/>\n<strong>Miorelaksiraj\u0107i<\/strong>. Opu\u0161ta se napetosti bolnih mi\u0161i\u0107a.<br \/>\n<strong>Antiedematozno.<\/strong> Smanjuju se otekline na pojedinom dijelu tijela.<br \/>\n<strong>Drena\u017eno.<\/strong> Limfna drena\u017ea poti\u010de zacjeljivanje tkiva, pospje\u0161uje se regeneracija<\/p>\n<p style=\"text-align: justify;\">Primjenjuje se za lije\u010denje i rehabilitaciju: bolova u vratu, le\u0111ima i kri\u017eima, bolova u ramenima, laktovima, \u0161akama, bolova u kukovima, koljenima i stopalima, bolova i pove\u0107ane napetosti mi\u0161i\u0107a le\u0111a, trupa, ruku i nogu, ozljeda vratne, prsne i slabinske kralje\u017enice \u2013 kod prometnih i drugih nezgoda, ozljeda tetiva, mi\u0161i\u0107a, ligamenata, hrskavice i zglobova, sportskih i ostalih ozljeda i bolesti, ozljeda i o\u0161te\u0107enja mi\u0161i\u0107no-ko\u0161tanog sustava razli\u010ditog porijekla, rehabilitaciju nakon prijeloma kosti, i\u0161\u010da\u0161enja i uganu\u0107a zgloba, o\u0161te\u0107enja tetiva i mi\u0161i\u0107a.<\/p>\n<p style=\"text-align: justify;\">\n","protected":false},"excerpt":{"rendered":"<p>Priredila Mirna Ljubkovi\u0107 Stru\u010dna i znanstvena predavanja te izno\u0161enje vlastitih iskustava uz zanimljive teme okruglih stolova na 6. Kongresu fizikalne i rehabilitacijske medicine, koji je okupio zavidan broj doma\u0107ih i stranih stru\u010dnjaka, bile su prilika da se upoznaju nova saznanja te izmijene iskustva kako bi se pacijentima ponudili kvalitetniji i sveobuhvatniji tretmani u lije\u010denju i [&hellip;]<\/p>\n","protected":false},"author":1,"featured_media":308,"comment_status":"closed","ping_status":"open","sticky":false,"template":"","format":"standard","meta":{"footnotes":""},"categories":[81,82],"tags":[],"class_list":["post-301","post","type-post","status-publish","format-standard","has-post-thumbnail","hentry","category-edukacija-2","category-zdrave-vijesti"],"_links":{"self":[{"href":"http:\/\/poliklinika-blazenka-nekic.hr\/hr\/wp-json\/wp\/v2\/posts\/301","targetHints":{"allow":["GET"]}}],"collection":[{"href":"http:\/\/poliklinika-blazenka-nekic.hr\/hr\/wp-json\/wp\/v2\/posts"}],"about":[{"href":"http:\/\/poliklinika-blazenka-nekic.hr\/hr\/wp-json\/wp\/v2\/types\/post"}],"author":[{"embeddable":true,"href":"http:\/\/poliklinika-blazenka-nekic.hr\/hr\/wp-json\/wp\/v2\/users\/1"}],"replies":[{"embeddable":true,"href":"http:\/\/poliklinika-blazenka-nekic.hr\/hr\/wp-json\/wp\/v2\/comments?post=301"}],"version-history":[{"count":7,"href":"http:\/\/poliklinika-blazenka-nekic.hr\/hr\/wp-json\/wp\/v2\/posts\/301\/revisions"}],"predecessor-version":[{"id":325,"href":"http:\/\/poliklinika-blazenka-nekic.hr\/hr\/wp-json\/wp\/v2\/posts\/301\/revisions\/325"}],"wp:featuredmedia":[{"embeddable":true,"href":"http:\/\/poliklinika-blazenka-nekic.hr\/hr\/wp-json\/wp\/v2\/media\/308"}],"wp:attachment":[{"href":"http:\/\/poliklinika-blazenka-nekic.hr\/hr\/wp-json\/wp\/v2\/media?parent=301"}],"wp:term":[{"taxonomy":"category","embeddable":true,"href":"http:\/\/poliklinika-blazenka-nekic.hr\/hr\/wp-json\/wp\/v2\/categories?post=301"},{"taxonomy":"post_tag","embeddable":true,"href":"http:\/\/poliklinika-blazenka-nekic.hr\/hr\/wp-json\/wp\/v2\/tags?post=301"}],"curies":[{"name":"wp","href":"https:\/\/api.w.org\/{rel}","templated":true}]}}