{"id":292,"date":"2018-01-28T15:41:11","date_gmt":"2018-01-28T14:41:11","guid":{"rendered":"http:\/\/poliklinika-blazenka-nekic.hr\/hr\/?p=292"},"modified":"2021-01-06T12:19:47","modified_gmt":"2021-01-06T11:19:47","slug":"priznanje-za-izvrsnost","status":"publish","type":"post","link":"http:\/\/poliklinika-blazenka-nekic.hr\/hr\/priznanje-za-izvrsnost\/","title":{"rendered":"Priznanje za izvrsnost 2020."},"content":{"rendered":"<p style=\"text-align: justify;\">Po\u0161tovana doktorice Neki\u0107,<\/p>\n<p style=\"text-align: justify;\"><img loading=\"lazy\" decoding=\"async\" class=\"alignright wp-image-353 size-thumbnail\" src=\"http:\/\/poliklinika-blazenka-nekic.hr\/hr\/wp-content\/uploads\/2021\/01\/priznanje-2020-150x150.png\" alt=\"\" width=\"150\" height=\"150\" srcset=\"http:\/\/poliklinika-blazenka-nekic.hr\/hr\/wp-content\/uploads\/2021\/01\/priznanje-2020-150x150.png 150w, http:\/\/poliklinika-blazenka-nekic.hr\/hr\/wp-content\/uploads\/2021\/01\/priznanje-2020-203x203.png 203w, http:\/\/poliklinika-blazenka-nekic.hr\/hr\/wp-content\/uploads\/2021\/01\/priznanje-2020-60x60.png 60w, http:\/\/poliklinika-blazenka-nekic.hr\/hr\/wp-content\/uploads\/2021\/01\/priznanje-2020-147x147.png 147w, http:\/\/poliklinika-blazenka-nekic.hr\/hr\/wp-content\/uploads\/2021\/01\/priznanje-2020-184x184.png 184w\" sizes=\"auto, (max-width: 150px) 100vw, 150px\" \/>objavili smo popis doktora koji su odabrani kao najbolji po preporukama pacijenata za 2020. godinu. Budu\u0107i ste i Vi izabrani kao jedan od najboljih doktora, koristimo ovu prigodu da Vam od srca \u010destitamo.<\/p>\n<p style=\"text-align: justify;\">Nakon \u0161to smo pro\u0161le godine po prvi puta objavili popis lije\u010dnika i stomatologa u Republici Hrvatskoj koje je ve\u0107ina Vas svojim komentarima i ocjenama prepoznala kao najbolje, zahvaljuju\u0107i Va\u0161em neumornom komentiranju i ocjenjivanju, ove godine smo u prilici objaviti jo\u0161 \u0161iri i potpuniji popis.<\/p>\n<p style=\"text-align: justify;\">Kriterij pri odabiru je bio minimalno pet konstruktivnih pozitivnih komentara. U slu\u010dajevima da je doktor imao vi\u0161e od pet komentara, gledao se odnos pozitivnih i negativnih komentara. Komentari koji su se odnosili na vrijeme \u010dekanja i osoblje nisu se uzimali u obzir iz razloga \u0161to u mnogim slu\u010dajevima lije\u010dnici ne mogu birati osoblje niti utjecati na broj pacijenata. Tako\u0111er, zbog tako velikog broja komentara nismo u mogu\u0107nosti pregledati profile svih doktora pa su na popisu samo doktori \u010diji se profili otvaraju minimalno dvadeset puta mjese\u010dno. Slijedom navedenog, koristimo ovu priliku i ispri\u010davamo se svima koji nisu na popisu a zaslu\u017euju biti.<\/p>\n<p style=\"text-align: justify;\">Zahvaljujemo Vam se i pozivamo Vas da i dalje ocjenjujete i komentirate lije\u010dnike i stomatologe u Republici Hrvatskoj kako bi u budu\u0107nosti mogli iznositi jo\u0161 kvalitetnije i relevantnije popise.<\/p>\n<p style=\"text-align: justify;\">\u010cestitamo svim lije\u010dnicima i stomatolozima koje ste Vi, dragi pacijenti, odabrali kao najbolje.<\/p>\n","protected":false},"excerpt":{"rendered":"<p>Po\u0161tovana doktorice Neki\u0107, objavili smo popis doktora koji su odabrani kao najbolji po preporukama pacijenata za 2020. godinu. Budu\u0107i ste i Vi izabrani kao jedan od najboljih doktora, koristimo ovu prigodu da Vam od srca \u010destitamo. Nakon \u0161to smo pro\u0161le godine po prvi puta objavili popis lije\u010dnika i stomatologa u Republici Hrvatskoj koje je ve\u0107ina [&hellip;]<\/p>\n","protected":false},"author":1,"featured_media":353,"comment_status":"closed","ping_status":"open","sticky":false,"template":"","format":"standard","meta":{"footnotes":""},"categories":[10],"tags":[],"class_list":["post-292","post","type-post","status-publish","format-standard","has-post-thumbnail","hentry","category-pitanja-i-odgovori"],"_links":{"self":[{"href":"http:\/\/poliklinika-blazenka-nekic.hr\/hr\/wp-json\/wp\/v2\/posts\/292","targetHints":{"allow":["GET"]}}],"collection":[{"href":"http:\/\/poliklinika-blazenka-nekic.hr\/hr\/wp-json\/wp\/v2\/posts"}],"about":[{"href":"http:\/\/poliklinika-blazenka-nekic.hr\/hr\/wp-json\/wp\/v2\/types\/post"}],"author":[{"embeddable":true,"href":"http:\/\/poliklinika-blazenka-nekic.hr\/hr\/wp-json\/wp\/v2\/users\/1"}],"replies":[{"embeddable":true,"href":"http:\/\/poliklinika-blazenka-nekic.hr\/hr\/wp-json\/wp\/v2\/comments?post=292"}],"version-history":[{"count":7,"href":"http:\/\/poliklinika-blazenka-nekic.hr\/hr\/wp-json\/wp\/v2\/posts\/292\/revisions"}],"predecessor-version":[{"id":354,"href":"http:\/\/poliklinika-blazenka-nekic.hr\/hr\/wp-json\/wp\/v2\/posts\/292\/revisions\/354"}],"wp:featuredmedia":[{"embeddable":true,"href":"http:\/\/poliklinika-blazenka-nekic.hr\/hr\/wp-json\/wp\/v2\/media\/353"}],"wp:attachment":[{"href":"http:\/\/poliklinika-blazenka-nekic.hr\/hr\/wp-json\/wp\/v2\/media?parent=292"}],"wp:term":[{"taxonomy":"category","embeddable":true,"href":"http:\/\/poliklinika-blazenka-nekic.hr\/hr\/wp-json\/wp\/v2\/categories?post=292"},{"taxonomy":"post_tag","embeddable":true,"href":"http:\/\/poliklinika-blazenka-nekic.hr\/hr\/wp-json\/wp\/v2\/tags?post=292"}],"curies":[{"name":"wp","href":"https:\/\/api.w.org\/{rel}","templated":true}]}}