{"id":240,"date":"2014-12-17T12:58:41","date_gmt":"2014-12-17T11:58:41","guid":{"rendered":"http:\/\/poliklinika-blazenka-nekic.hr\/hr\/?p=240"},"modified":"2015-01-06T22:12:15","modified_gmt":"2015-01-06T21:12:15","slug":"blagdanska-cestitka","status":"publish","type":"post","link":"http:\/\/poliklinika-blazenka-nekic.hr\/hr\/blagdanska-cestitka\/","title":{"rendered":"Blagdanska \u010destitka"},"content":{"rendered":"<p><img loading=\"lazy\" decoding=\"async\" class=\"aligncenter  wp-image-241\" src=\"http:\/\/poliklinika-blazenka-nekic.hr\/hr\/wp-content\/uploads\/2014\/12\/x-mass-card.jpg\" alt=\"x-mass card\" width=\"673\" height=\"258\" srcset=\"http:\/\/poliklinika-blazenka-nekic.hr\/hr\/wp-content\/uploads\/2014\/12\/x-mass-card.jpg 960w, http:\/\/poliklinika-blazenka-nekic.hr\/hr\/wp-content\/uploads\/2014\/12\/x-mass-card-300x115.jpg 300w\" sizes=\"auto, (max-width: 673px) 100vw, 673px\" \/><\/p>\n<p>Po\u0161tovani pacijenti, dragi prijatelji i kolege,<\/p>\n<p style=\"text-align: justify;\">bli\u017ei se kraj jo\u0161 jedne godine i dolazi nam vrijeme blagdanskog dru\u017eenja. Nadamo se da je Va\u0161a godina bila uspje\u0161na te da \u0107ete provesti ove vesele dane uz Va\u0161e najdra\u017ee. <strong>\u017delimo Vam sretan i blagoslovljen Bo\u017ei\u0107 te veselu i uspje\u0161nu Novu 2015. godinu.<\/strong> I najvi\u0161e od sveg, \u017eelimo Vam zdravlja i mira.<\/p>\n<p>Dr. Bla\u017eenka Neki\u0107 i djelatnici Poliklinike<\/p>\n","protected":false},"excerpt":{"rendered":"<p>Po\u0161tovani pacijenti, dragi prijatelji i kolege, bli\u017ei se kraj jo\u0161 jedne godine i dolazi nam vrijeme blagdanskog dru\u017eenja. Nadamo se da je Va\u0161a godina bila uspje\u0161na te da \u0107ete provesti ove vesele dane uz Va\u0161e najdra\u017ee. \u017delimo Vam sretan i blagoslovljen Bo\u017ei\u0107 te veselu i uspje\u0161nu Novu 2015. godinu. I najvi\u0161e od sveg, \u017eelimo Vam [&hellip;]<\/p>\n","protected":false},"author":1,"featured_media":241,"comment_status":"closed","ping_status":"open","sticky":false,"template":"","format":"standard","meta":{"footnotes":""},"categories":[27],"tags":[],"class_list":["post-240","post","type-post","status-publish","format-standard","has-post-thumbnail","hentry","category-ponuda-usluga"],"_links":{"self":[{"href":"http:\/\/poliklinika-blazenka-nekic.hr\/hr\/wp-json\/wp\/v2\/posts\/240","targetHints":{"allow":["GET"]}}],"collection":[{"href":"http:\/\/poliklinika-blazenka-nekic.hr\/hr\/wp-json\/wp\/v2\/posts"}],"about":[{"href":"http:\/\/poliklinika-blazenka-nekic.hr\/hr\/wp-json\/wp\/v2\/types\/post"}],"author":[{"embeddable":true,"href":"http:\/\/poliklinika-blazenka-nekic.hr\/hr\/wp-json\/wp\/v2\/users\/1"}],"replies":[{"embeddable":true,"href":"http:\/\/poliklinika-blazenka-nekic.hr\/hr\/wp-json\/wp\/v2\/comments?post=240"}],"version-history":[{"count":2,"href":"http:\/\/poliklinika-blazenka-nekic.hr\/hr\/wp-json\/wp\/v2\/posts\/240\/revisions"}],"predecessor-version":[{"id":243,"href":"http:\/\/poliklinika-blazenka-nekic.hr\/hr\/wp-json\/wp\/v2\/posts\/240\/revisions\/243"}],"wp:featuredmedia":[{"embeddable":true,"href":"http:\/\/poliklinika-blazenka-nekic.hr\/hr\/wp-json\/wp\/v2\/media\/241"}],"wp:attachment":[{"href":"http:\/\/poliklinika-blazenka-nekic.hr\/hr\/wp-json\/wp\/v2\/media?parent=240"}],"wp:term":[{"taxonomy":"category","embeddable":true,"href":"http:\/\/poliklinika-blazenka-nekic.hr\/hr\/wp-json\/wp\/v2\/categories?post=240"},{"taxonomy":"post_tag","embeddable":true,"href":"http:\/\/poliklinika-blazenka-nekic.hr\/hr\/wp-json\/wp\/v2\/tags?post=240"}],"curies":[{"name":"wp","href":"https:\/\/api.w.org\/{rel}","templated":true}]}}