{"id":182,"date":"2013-10-23T11:02:41","date_gmt":"2013-10-23T10:02:41","guid":{"rendered":"http:\/\/poliklinika-blazenka-nekic.hr\/hr\/?p=182"},"modified":"2015-07-29T14:01:07","modified_gmt":"2015-07-29T13:01:07","slug":"funkcionalna-ljepota-s-exilis-sustavom","status":"publish","type":"post","link":"http:\/\/poliklinika-blazenka-nekic.hr\/hr\/funkcionalna-ljepota-s-exilis-sustavom\/","title":{"rendered":"Funkcionalna ljepota s EXILIS sustavom"},"content":{"rendered":"<p style=\"text-align: justify;\"><img loading=\"lazy\" decoding=\"async\" class=\"aligncenter size-full wp-image-187\" alt=\"exilis-treatment2\" src=\"http:\/\/poliklinika-blazenka-nekic.hr\/hr\/wp-content\/uploads\/2014\/06\/exilis-treatment2.jpg\" width=\"652\" height=\"337\" srcset=\"http:\/\/poliklinika-blazenka-nekic.hr\/hr\/wp-content\/uploads\/2014\/06\/exilis-treatment2.jpg 652w, http:\/\/poliklinika-blazenka-nekic.hr\/hr\/wp-content\/uploads\/2014\/06\/exilis-treatment2-300x155.jpg 300w\" sizes=\"auto, (max-width: 652px) 100vw, 652px\" \/><\/p>\n<p style=\"text-align: justify;\">Fokusirana visokofrekventna radiofrekvencija monopolarnim valovima prodire 2,5 cm u masne naslage. Tijekom \u010detiri tretmana koji se provode u 10 \u2013 15 dana preoblikuje se tijelo, a \u010detiri tretmana raspore\u0111ena tijekom dva mjeseca dovoljna su da se zaglade bore na licu, a ko\u017ei vrate mladena\u010dka \u010dvrsto\u0107a, elasti\u010dnost i svje\u017eina.<\/p>\n<p style=\"text-align: justify;\">Rije\u010d je o ure\u0111aju <a href=\"http:\/\/www.exilis.com\" target=\"_blank\">Exilis<\/a> koji je na Svjetskom kongresu estetskih lije\u010dnika dobio prvu nagradu, ne samo zbog izvanrednih rezultata, ve\u0107 i zbog vi\u0161estruke mogu\u0107nosti primjene. Naime, osim u estetskim korekcijama ko\u017ee i potko\u017enog tkiva, radiofrekvencija monopolarnim valovima Exilis svoju primjenu nalazi i u fizikalnoj medicini. Smanjuje bol, pobolj\u0161ava funkcije zglobova lakta, \u0161aka, koljena i kralje\u017enice.<\/p>\n<p style=\"text-align: justify;\">Tijekom tretmana ure\u0111aj je ra\u010dunalno kontroliran, aplikatorima se prelazi preko dijela koji se \u017eele tretirati. Sve \u0161to pacijent osjeti je umjerena toplina, \u0161to je znak dotoka energije u dublje slojeve tkiva ko\u017ee. Upravo mogu\u0107nost fokusiranja energije \u010dini Exilis jedinstvenim ure\u0111ajem, kao i sustav hla\u0111enja koji \u010dini tretman ugodnim.<\/p>\n<p style=\"text-align: justify;\">Zagrijavanjem gornjig dijelova ko\u017ee posti\u017ee se zatezanje, dok se u dubljim slojevima posti\u017ee restrukturiranje kolagena, \u010dime se pobolj\u0161ava struktura potko\u017enog tkiva i ostalih potko\u017enih struktura.<\/p>\n<p style=\"text-align: justify;\">Tretman Exilisom savjetuje se svima, bez obzira na dob, koji \u017eele estetski oblikovati tijelo i lice, ali i pobolj\u0161ati izgled i funkcije zglobova lakta, \u0161ake, koljena i\/ili kralje\u017enice.<\/p>\n<p style=\"text-align: justify;\">Naru\u010dite svoju dijagnostiku i funkcionalno\/estetski tretman u Poliklinici na broj <strong>01.4848-080<\/strong> ili mailom na<span style=\"color: #0000ff;\">\u00a0<span style=\"text-decoration: underline;\">poliklinika.nekic@gmail.com<\/span><\/span><\/p>\n","protected":false},"excerpt":{"rendered":"<p>Fokusirana visokofrekventna radiofrekvencija monopolarnim valovima prodire 2,5 cm u masne naslage. Tijekom \u010detiri tretmana koji se provode u 10 \u2013 15 dana preoblikuje se tijelo, a \u010detiri tretmana raspore\u0111ena tijekom dva mjeseca dovoljna su da se zaglade bore na licu, a ko\u017ei vrate mladena\u010dka \u010dvrsto\u0107a, elasti\u010dnost i svje\u017eina. Rije\u010d je o ure\u0111aju Exilis koji je [&hellip;]<\/p>\n","protected":false},"author":1,"featured_media":183,"comment_status":"closed","ping_status":"closed","sticky":false,"template":"","format":"standard","meta":{"footnotes":""},"categories":[5,27],"tags":[75,69,67,73,68,72,70,74,71,37],"class_list":["post-182","post","type-post","status-publish","format-standard","has-post-thumbnail","hentry","category-aktualno","category-ponuda-usluga","tag-estetska-medicina","tag-estetski-tretman","tag-exilis","tag-fizikalna-medicina","tag-fukcionalnost","tag-ljepota","tag-masne-naslage","tag-radifrekvencija","tag-tretman-protiv-bora","tag-zagreb"],"_links":{"self":[{"href":"http:\/\/poliklinika-blazenka-nekic.hr\/hr\/wp-json\/wp\/v2\/posts\/182","targetHints":{"allow":["GET"]}}],"collection":[{"href":"http:\/\/poliklinika-blazenka-nekic.hr\/hr\/wp-json\/wp\/v2\/posts"}],"about":[{"href":"http:\/\/poliklinika-blazenka-nekic.hr\/hr\/wp-json\/wp\/v2\/types\/post"}],"author":[{"embeddable":true,"href":"http:\/\/poliklinika-blazenka-nekic.hr\/hr\/wp-json\/wp\/v2\/users\/1"}],"replies":[{"embeddable":true,"href":"http:\/\/poliklinika-blazenka-nekic.hr\/hr\/wp-json\/wp\/v2\/comments?post=182"}],"version-history":[{"count":3,"href":"http:\/\/poliklinika-blazenka-nekic.hr\/hr\/wp-json\/wp\/v2\/posts\/182\/revisions"}],"predecessor-version":[{"id":188,"href":"http:\/\/poliklinika-blazenka-nekic.hr\/hr\/wp-json\/wp\/v2\/posts\/182\/revisions\/188"}],"wp:featuredmedia":[{"embeddable":true,"href":"http:\/\/poliklinika-blazenka-nekic.hr\/hr\/wp-json\/wp\/v2\/media\/183"}],"wp:attachment":[{"href":"http:\/\/poliklinika-blazenka-nekic.hr\/hr\/wp-json\/wp\/v2\/media?parent=182"}],"wp:term":[{"taxonomy":"category","embeddable":true,"href":"http:\/\/poliklinika-blazenka-nekic.hr\/hr\/wp-json\/wp\/v2\/categories?post=182"},{"taxonomy":"post_tag","embeddable":true,"href":"http:\/\/poliklinika-blazenka-nekic.hr\/hr\/wp-json\/wp\/v2\/tags?post=182"}],"curies":[{"name":"wp","href":"https:\/\/api.w.org\/{rel}","templated":true}]}}